{"id":21585,"date":"2024-10-31T06:28:15","date_gmt":"2024-10-31T05:28:15","guid":{"rendered":"https:\/\/www.appleking.cz\/blog\/?p=21585"},"modified":"2024-10-30T10:38:23","modified_gmt":"2024-10-30T09:38:23","slug":"novy-mac-mini-s-m4-a-m4-pro-je-tu-prekvapi-velkostou-ale-aj-cenou","status":"publish","type":"post","link":"https:\/\/www.appleking.sk\/blog\/novy-mac-mini-s-m4-a-m4-pro-je-tu-prekvapi-velkostou-ale-aj-cenou","title":{"rendered":"Nov\u00fd Mac mini s&nbsp;M4 a&nbsp;M4 Pro je tu! Prekvap\u00ed ve\u013ekos\u0165ou, ale aj cenou!"},"content":{"rendered":"<p><img decoding=\"async\" class=\"sFlh5c FyHeAf iPVvYb\" src=\"https:\/\/photos5.appleinsider.com\/gallery\/61575-127210-Mac-mini-Announcement---October-29-10-53-screenshot-xl.jpg\" alt=\"Apple releases new M4 Mac mini announcement video\" aria-hidden=\"false\" \/><\/p>\n<p>Spolo\u010dnos\u0165 Apple pokra\u010duje v&nbsp;t\u00fd\u017edni plnom noviniek o&nbsp;po\u010d\u00edta\u010doch Mac a&nbsp;\u010fal\u0161ou novinkou, ktor\u00fa predstavuje, je \u00faplne prepracovan\u00fd stolov\u00fd po\u010d\u00edta\u010d Mac mini. Prin\u00e1\u0161a nov\u00fd kompaktnej\u0161\u00ed dizajn, ale aj v\u00fdrazn\u00fd v\u00fdkonnostn\u00fd skok v\u010faka procesorom M4 a&nbsp;M4 Pro a&nbsp;dvojn\u00e1sobnej z\u00e1kladnej pam\u00e4ti RAM. Mac mini v\u0161ak pon\u00faka ove\u013ea viac, a&nbsp;dokonca prekvap\u00ed zauj\u00edmavou cenovkou. \u010co pon\u00faka najmen\u0161\u00ed po\u010d\u00edta\u010d od&nbsp;Apple?<\/p>\n<h1><b>Nov\u00fd, men\u0161\u00ed dizajn a&nbsp;optimaliz\u00e1ciu chladenia<\/b><\/h1>\n<p><img decoding=\"async\" class=\"sFlh5c FyHeAf iPVvYb\" src=\"https:\/\/images.macrumors.com\/article-new\/2024\/10\/mac-mini-thermal-architecture.jpg\" alt=\"Apple's Much Smaller M4 Mac Mini Has All-New Thermal Architecture to Maximize Speed\" aria-hidden=\"false\" \/><\/p>\n<p>Nov\u00fd Mac mini je kompaktn\u00fd, m\u00e1 rozmery len 12,7 x 12,7 cm, \u010do&nbsp;je pribli\u017ene o&nbsp;polovicu menej ako predch\u00e1dzaj\u00faca gener\u00e1cia. Apple toto zmen\u0161enie dosiahol v\u010faka novo vyvinutej tepelnej architekt\u00fare, ktor\u00e1 \u00fa\u010dinne odv\u00e1dza teplo cez prieduchy umiestnen\u00e9 na&nbsp;spodnej strane zariadenia. V\u010faka tomuto kompaktn\u00e9mu dizajnu je Mac Mini \u0161t\u00fdlov\u00fdm doplnkom v\u00e1\u0161ho pracovn\u00e9ho priestoru bez toho, aby ste museli obetova\u0165 v\u00fdkon. Dizajn vych\u00e1dza z&nbsp;Mac Studia, ale ve\u013ekos\u0165ou pripom\u00edna sk\u00f4r set-top box Apple TV.<\/p>\n\n\n<h1><b>V\u00fdkon M4 a&nbsp;M4 Pro<\/b><\/h1>\n<p>Nov\u00fd Mac Mini je k&nbsp;dispoz\u00edcii s&nbsp;\u010dipmi M4 a&nbsp;M4 Pro, \u010d\u00edm Apple po&nbsp;prv\u00fdkr\u00e1t zaradil do&nbsp;svojho portf\u00f3lia procesor M4 Pro. \u010cip M4 pon\u00faka a\u017e 1,8\u00d7 vy\u0161\u0161\u00ed v\u00fdkon CPU a&nbsp;2,2\u00d7 vy\u0161\u0161\u00ed grafick\u00fd v\u00fdkon ako Mac mini s&nbsp;\u010dipom M1. Variant M4 Pro ide e\u0161te \u010falej: prin\u00e1\u0161a 14-jadrov\u00fd CPU s&nbsp;10 v\u00fdkonn\u00fdmi a&nbsp;4 \u00fasporn\u00fdmi jadrami spolu s&nbsp;a\u017e 20-jadrov\u00fdm GPU. Tento pokro\u010dil\u00fd v\u00fdkon je ide\u00e1lny na&nbsp;n\u00e1ro\u010dn\u00e9 \u00falohy, ako je 3D vykres\u013eovanie, pr\u00e1ca s&nbsp;pohyblivou grafikou alebo pou\u017e\u00edvanie z\u00e1suvn\u00fdch modulov v&nbsp;Logic Pro, kde M4 Pro dosahuje takmer trojn\u00e1sobn\u00fa r\u00fdchlos\u0165 oproti M2 Pro.<\/p>\n<p><img decoding=\"async\" class=\"sFlh5c FyHeAf iPVvYb\" src=\"https:\/\/i.iinfo.cz\/images\/96\/apple-1.webp\" alt=\"Apple M4: Nudn\u00fd \u010dip se star\u00fdmi j\u00e1dry z p\u0159edchoz\u00ed generace, nebo v\u00fdkonnostn\u00ed \u0161ampion? - Cnews.cz\" aria-hidden=\"false\" \/><\/p>\n<p>Apple sa tie\u017e pochv\u00e1lil v\u00fdrazne vy\u0161\u0161\u00edm v\u00fdkonom v&nbsp;hr\u00e1ch. Mac mini s&nbsp;\u010dipom M4 Pro tak m\u00f4\u017ee by\u0165 pre pr\u00edle\u017eitostn\u00fdch hr\u00e1\u010dov celkom zauj\u00edmavou vo\u013ebou. Apple napr\u00edklad informoval, \u017ee&nbsp;hern\u00fd v\u00fdkon Macu mini v&nbsp;popul\u00e1rnej hre World of Warcraft: V&nbsp;porovnan\u00ed s&nbsp;Macom mini s&nbsp;\u010dipom M1 je v&nbsp;hre The War Within a\u017e 13,3-kr\u00e1t r\u00fdchlej\u0161\u00ed.<\/p>\n<h1><b>Thunderbolt 5 a&nbsp;\u010fal\u0161ie porty<\/b><\/h1>\n<p><img decoding=\"async\" class=\"sFlh5c FyHeAf iPVvYb\" src=\"https:\/\/liliputing.com\/wp-content\/uploads\/2024\/10\/mac-mini-m4_06.jpg\" alt=\"The new Mac Mini is a 5&quot; x 5&quot; x 2&quot; computer with up to an M4 Pro chip and optional Thunderbolt 5 - Liliputing\" aria-hidden=\"false\" \/><\/p>\n<p>Nov\u00fd Thunderbolt 5 v&nbsp;M4 Pro zdvojn\u00e1sobuje priepustnos\u0165 Thunderboltu 4 a&nbsp;umo\u017e\u0148uje prenosov\u00fa r\u00fdchlos\u0165 a\u017e 120 Gb\/s. To znamen\u00e1 r\u00fdchlej\u0161\u00ed prenos d\u00e1t a&nbsp;mo\u017enos\u0165 pripoji\u0165 viac vysokor\u00fdchlostn\u00fdch perif\u00e9ri\u00ed. Na&nbsp;prednej strane Macu Mini n\u00e1jdeme dva porty USB-C a&nbsp;konektor na&nbsp;sl\u00fachadl\u00e1, zatia\u013e \u010do&nbsp;na&nbsp;zadnej strane s\u00fa tri porty Thunderbolt, v\u00fdstup HDMI a&nbsp;gigabitov\u00fd Ethernet. Po&nbsp;vzore ostatn\u00fdch po\u010d\u00edta\u010dov Apple sa Mac mini zbavuje star\u00fdch konektorov USB-A, ktor\u00e9 boli pr\u00edtomn\u00e9 e\u0161te v&nbsp;predch\u00e1dzaj\u00facej gener\u00e1cii s&nbsp;\u010dipom M2.<\/p>\n<h1><b>Ceny a&nbsp;dostupnos\u0165<\/b><\/h1>\n<p>Cena Mac Mini s&nbsp;\u010dipom M4 za\u010d\u00edna na&nbsp;599 dol\u00e1roch so 16 GB RAM a&nbsp;256 GB \u00falo\u017eiskom, s&nbsp;mo\u017enos\u0165ou konfigur\u00e1cie a\u017e do&nbsp;32 GB RAM a&nbsp;2 TB \u00falo\u017eiska. Cena variantu s&nbsp;\u010dipom M4 Pro sa za\u010d\u00edna na&nbsp;1&nbsp;399 dol\u00e1roch s&nbsp;24 GB RAM a&nbsp;512 GB \u00falo\u017eiskom, pri\u010dom sa d\u00e1 roz\u0161\u00edri\u0165 a\u017e na&nbsp;64 GB RAM a&nbsp;a\u017e na&nbsp;8 TB \u00falo\u017eisko. K&nbsp;dispoz\u00edcii je aj roz\u0161\u00edrenie na&nbsp;10 gigabitov\u00fd Ethernet.<\/p>\n<p>Mac mini si m\u00f4\u017eete predobjedna\u0165 u\u017e teraz a&nbsp;do&nbsp;predaja sa dostane rovnako ako iMac M4&nbsp;8.&nbsp;novembra. Tento nov\u00fd model potvrdzuje schopnos\u0165 spolo\u010dnosti Apple vytv\u00e1ra\u0165 v\u00fdkonn\u00e9 zariadenia s&nbsp;oh\u013eadom na&nbsp;\u017eivotn\u00e9 prostredie &#8211; je to v\u00f4bec prv\u00fd po\u010d\u00edta\u010d spolo\u010dnosti Apple s&nbsp;uhl\u00edkovo neutr\u00e1lnou v\u00fdrobou a&nbsp;viac ako 80&nbsp;% zn\u00ed\u017een\u00edm emisi\u00ed sklen\u00edkov\u00fdch plynov po\u010das svojej \u017eivotnosti.<\/p>\n<p><a href=\"https:\/\/www.appleking.cz\/blog\/?attachment_id=21577#main\" rel=\"attachment wp-att-21577\"><img data-attachment-id=\"21577\" data-permalink=\"https:\/\/www.appleking.cz\/blog\/novy-mac-mini-s-cipem-m4-a-m4-pro-je-tady-prekvapi-velikosti-ale-take-cenou\/mac-mini-m4-pro#main\" data-orig-file=\"https:\/\/www.appleking.sk\/blog\/wp-content\/uploads\/2024\/10\/Mac-mini-M4-Pro.webp\" data-orig-size=\"2048,1080\" data-comments-opened=\"1\" data-image-meta=\"{&quot;aperture&quot;:&quot;0&quot;,&quot;credit&quot;:&quot;&quot;,&quot;camera&quot;:&quot;&quot;,&quot;caption&quot;:&quot;&quot;,&quot;created_timestamp&quot;:&quot;0&quot;,&quot;copyright&quot;:&quot;&quot;,&quot;focal_length&quot;:&quot;0&quot;,&quot;iso&quot;:&quot;0&quot;,&quot;shutter_speed&quot;:&quot;0&quot;,&quot;title&quot;:&quot;&quot;,&quot;orientation&quot;:&quot;0&quot;}\" data-image-title=\"Mac-mini-M4-Pro\" data-image-description=\"\" data-image-caption=\"\" data-medium-file=\"https:\/\/www.appleking.sk\/blog\/wp-content\/uploads\/2024\/10\/Mac-mini-M4-Pro-300x158.webp\" data-large-file=\"https:\/\/www.appleking.sk\/blog\/wp-content\/uploads\/2024\/10\/Mac-mini-M4-Pro-1024x540.webp\" decoding=\"async\" loading=\"lazy\" class=\"alignnone size-large wp-image-21577\" src=\"https:\/\/www.appleking.cz\/blog\/wp-content\/uploads\/2024\/10\/Mac-mini-M4-Pro-1024x540.webp\" alt=\"\" width=\"758\" height=\"400\" srcset=\"https:\/\/www.appleking.sk\/blog\/wp-content\/uploads\/2024\/10\/Mac-mini-M4-Pro-1024x540.webp 1024w, https:\/\/www.appleking.sk\/blog\/wp-content\/uploads\/2024\/10\/Mac-mini-M4-Pro-300x158.webp 300w, https:\/\/www.appleking.sk\/blog\/wp-content\/uploads\/2024\/10\/Mac-mini-M4-Pro-768x405.webp 768w, https:\/\/www.appleking.sk\/blog\/wp-content\/uploads\/2024\/10\/Mac-mini-M4-Pro-1536x810.webp 1536w, https:\/\/www.appleking.sk\/blog\/wp-content\/uploads\/2024\/10\/Mac-mini-M4-Pro.webp 2048w\" sizes=\"(max-width: 758px) 100vw, 758px\" \/><\/a><\/p>\n<p>Mac Mini s&nbsp;M4 a&nbsp;M4 Pro tak s\u013eubuje v\u00fdkonn\u00fa a&nbsp;ekologick\u00fa vo\u013ebu pre profesion\u00e1lnych a&nbsp;dom\u00e1cich pou\u017e\u00edvate\u013eov, ktor\u00ed h\u013eadaj\u00fa spo\u013eahliv\u00fd, kompaktn\u00fd po\u010d\u00edta\u010d so \u0161pi\u010dkov\u00fdmi funkciami. O&nbsp;spolo\u010dnosti Apple sa \u010dasto hovor\u00ed v&nbsp;s\u00favislosti s&nbsp;t\u00fdm, \u017ee&nbsp;jej produkty s\u00fa drah\u0161ie ako konkurencia, ale Mac mini medzi ne nepatr\u00ed. V&nbsp;skuto\u010dnosti je nov\u00fd Mac mini s&nbsp;procesorom M4 pravdepodobne najlacnej\u0161\u00ed stolov\u00fd po\u010d\u00edta\u010d s&nbsp;tak\u00fdmto v\u00fdkonom.<\/p>\n","protected":false},"excerpt":{"rendered":"<p>Spolo\u010dnos\u0165<a class=\"moretag\" href=\"https:\/\/www.appleking.sk\/blog\/novy-mac-mini-s-m4-a-m4-pro-je-tu-prekvapi-velkostou-ale-aj-cenou\" data-id_post=\"21585\"> Pokra\u010dovat ve&nbsp;\u010dten\u00ed&#8230;<\/a><\/p>\n","protected":false},"author":21716,"featured_media":21578,"comment_status":"open","ping_status":"open","sticky":false,"template":"","format":"standard","meta":{"jetpack_post_was_ever_published":false,"jetpack_publicize_message":"","jetpack_is_tweetstorm":false,"jetpack_publicize_feature_enabled":true,"jetpack_social_options":[]},"categories":[13],"tags":[],"jetpack_publicize_connections":[],"yoast_head":"<!-- This site is optimized with the Yoast SEO plugin v19.11 - https:\/\/yoast.com\/wordpress\/plugins\/seo\/ -->\n<title>Nov\u00fd Mac mini s M4 a M4 Pro je tu! Prekvap\u00ed ve\u013ekos\u0165ou, ale aj cenou! - AppleKing Blog<\/title>\n<meta name=\"robots\" content=\"index, follow, max-snippet:-1, max-image-preview:large, max-video-preview:-1\" \/>\n<link rel=\"canonical\" href=\"https:\/\/www.appleking.sk\/blog\/novy-mac-mini-s-m4-a-m4-pro-je-tu-prekvapi-velkostou-ale-aj-cenou\" \/>\n<meta property=\"og:locale\" content=\"cs_CZ\" \/>\n<meta property=\"og:type\" content=\"article\" \/>\n<meta property=\"og:title\" content=\"Nov\u00fd Mac mini s M4 a M4 Pro je tu! Prekvap\u00ed ve\u013ekos\u0165ou, ale aj cenou! - AppleKing Blog\" \/>\n<meta property=\"og:description\" content=\"Spolo\u010dnos\u0165 Apple pokra\u010duje v&nbsp;t\u00fd\u017edni plnom noviniek o&nbsp;po\u010d\u00edta\u010doch Mac a&nbsp;\u010fal\u0161ou novinkou, ktor\u00fa predstavuje, je \u00faplne prepracovan\u00fd stolov\u00fd po\u010d\u00edta\u010d Mac mini. Prin\u00e1\u0161a nov\u00fd kompaktnej\u0161\u00ed dizajn, ale aj Pokra\u010dovat ve \u010dten\u00ed...\" \/>\n<meta property=\"og:url\" content=\"https:\/\/www.appleking.sk\/blog\/novy-mac-mini-s-m4-a-m4-pro-je-tu-prekvapi-velkostou-ale-aj-cenou\" \/>\n<meta property=\"og:site_name\" content=\"AppleKing Blog\" \/>\n<meta property=\"article:published_time\" content=\"2024-10-31T05:28:15+00:00\" \/>\n<meta property=\"article:modified_time\" content=\"2024-10-30T09:38:23+00:00\" \/>\n<meta property=\"og:image\" content=\"https:\/\/www.appleking.cz\/blog\/wp-content\/uploads\/2024\/10\/Apple-Mac-mini-M4-Release-01.jpg\" \/>\n\t<meta property=\"og:image:width\" content=\"1540\" \/>\n\t<meta property=\"og:image:height\" content=\"850\" \/>\n\t<meta property=\"og:image:type\" content=\"image\/jpeg\" \/>\n<meta name=\"author\" content=\"Adam \u010euri\u010dek\" \/>\n<meta name=\"twitter:card\" content=\"summary_large_image\" \/>\n<meta name=\"twitter:label1\" content=\"Napsal(a)\" \/>\n\t<meta name=\"twitter:data1\" content=\"Adam \u010euri\u010dek\" \/>\n\t<meta name=\"twitter:label2\" content=\"Odhadovan\u00e1 doba \u010dten\u00ed\" \/>\n\t<meta name=\"twitter:data2\" content=\"5 minut\" \/>\n<script type=\"application\/ld+json\" class=\"yoast-schema-graph\">{\"@context\":\"https:\/\/schema.org\",\"@graph\":[{\"@type\":\"Article\",\"@id\":\"https:\/\/www.appleking.sk\/blog\/novy-mac-mini-s-m4-a-m4-pro-je-tu-prekvapi-velkostou-ale-aj-cenou#article\",\"isPartOf\":{\"@id\":\"https:\/\/www.appleking.sk\/blog\/novy-mac-mini-s-m4-a-m4-pro-je-tu-prekvapi-velkostou-ale-aj-cenou\"},\"author\":{\"name\":\"Adam \u010euri\u010dek\",\"@id\":\"https:\/\/www.appleking.cz\/blog\/#\/schema\/person\/1f528375f4784286be84aacc0b3b5cb7\"},\"headline\":\"Nov\u00fd Mac mini s&nbsp;M4 a&nbsp;M4 Pro je tu! Prekvap\u00ed ve\u013ekos\u0165ou, ale aj cenou!\",\"datePublished\":\"2024-10-31T05:28:15+00:00\",\"dateModified\":\"2024-10-30T09:38:23+00:00\",\"mainEntityOfPage\":{\"@id\":\"https:\/\/www.appleking.sk\/blog\/novy-mac-mini-s-m4-a-m4-pro-je-tu-prekvapi-velkostou-ale-aj-cenou\"},\"wordCount\":733,\"commentCount\":0,\"publisher\":{\"@id\":\"https:\/\/www.appleking.cz\/blog\/#organization\"},\"inLanguage\":\"cs\",\"potentialAction\":[{\"@type\":\"CommentAction\",\"name\":\"Comment\",\"target\":[\"https:\/\/www.appleking.sk\/blog\/novy-mac-mini-s-m4-a-m4-pro-je-tu-prekvapi-velkostou-ale-aj-cenou#respond\"]}]},{\"@type\":\"WebPage\",\"@id\":\"https:\/\/www.appleking.sk\/blog\/novy-mac-mini-s-m4-a-m4-pro-je-tu-prekvapi-velkostou-ale-aj-cenou\",\"url\":\"https:\/\/www.appleking.sk\/blog\/novy-mac-mini-s-m4-a-m4-pro-je-tu-prekvapi-velkostou-ale-aj-cenou\",\"name\":\"Nov\u00fd Mac mini s M4 a M4 Pro je tu! Prekvap\u00ed ve\u013ekos\u0165ou, ale aj cenou! - AppleKing Blog\",\"isPartOf\":{\"@id\":\"https:\/\/www.appleking.cz\/blog\/#website\"},\"datePublished\":\"2024-10-31T05:28:15+00:00\",\"dateModified\":\"2024-10-30T09:38:23+00:00\",\"breadcrumb\":{\"@id\":\"https:\/\/www.appleking.sk\/blog\/novy-mac-mini-s-m4-a-m4-pro-je-tu-prekvapi-velkostou-ale-aj-cenou#breadcrumb\"},\"inLanguage\":\"cs\",\"potentialAction\":[{\"@type\":\"ReadAction\",\"target\":[\"https:\/\/www.appleking.sk\/blog\/novy-mac-mini-s-m4-a-m4-pro-je-tu-prekvapi-velkostou-ale-aj-cenou\"]}]},{\"@type\":\"BreadcrumbList\",\"@id\":\"https:\/\/www.appleking.sk\/blog\/novy-mac-mini-s-m4-a-m4-pro-je-tu-prekvapi-velkostou-ale-aj-cenou#breadcrumb\",\"itemListElement\":[{\"@type\":\"ListItem\",\"position\":1,\"name\":\"Dom\u016f\",\"item\":\"https:\/\/www.appleking.cz\/blog\"},{\"@type\":\"ListItem\",\"position\":2,\"name\":\"Nov\u00fd Mac mini s&nbsp;M4 a&nbsp;M4 Pro je tu! Prekvap\u00ed ve\u013ekos\u0165ou, ale aj cenou!\"}]},{\"@type\":\"WebSite\",\"@id\":\"https:\/\/www.appleking.cz\/blog\/#website\",\"url\":\"https:\/\/www.appleking.cz\/blog\/\",\"name\":\"AppleKing Blog\",\"description\":\"\",\"publisher\":{\"@id\":\"https:\/\/www.appleking.cz\/blog\/#organization\"},\"potentialAction\":[{\"@type\":\"SearchAction\",\"target\":{\"@type\":\"EntryPoint\",\"urlTemplate\":\"https:\/\/www.appleking.cz\/blog\/?s={search_term_string}\"},\"query-input\":\"required name=search_term_string\"}],\"inLanguage\":\"cs\"},{\"@type\":\"Organization\",\"@id\":\"https:\/\/www.appleking.cz\/blog\/#organization\",\"name\":\"AppleKing Blog\",\"url\":\"https:\/\/www.appleking.cz\/blog\/\",\"logo\":{\"@type\":\"ImageObject\",\"inLanguage\":\"cs\",\"@id\":\"https:\/\/www.appleking.cz\/blog\/#\/schema\/logo\/image\/\",\"url\":\"https:\/\/www.appleking.sk\/blog\/wp-content\/uploads\/2017\/08\/logo.png\",\"contentUrl\":\"https:\/\/www.appleking.sk\/blog\/wp-content\/uploads\/2017\/08\/logo.png\",\"width\":560,\"height\":148,\"caption\":\"AppleKing Blog\"},\"image\":{\"@id\":\"https:\/\/www.appleking.cz\/blog\/#\/schema\/logo\/image\/\"}},{\"@type\":\"Person\",\"@id\":\"https:\/\/www.appleking.cz\/blog\/#\/schema\/person\/1f528375f4784286be84aacc0b3b5cb7\",\"name\":\"Adam \u010euri\u010dek\",\"image\":{\"@type\":\"ImageObject\",\"inLanguage\":\"cs\",\"@id\":\"https:\/\/www.appleking.cz\/blog\/#\/schema\/person\/image\/\",\"url\":\"https:\/\/secure.gravatar.com\/avatar\/34c06fb5a04a2e6a700ec3e6ec95725f?s=96&d=mm&r=g\",\"contentUrl\":\"https:\/\/secure.gravatar.com\/avatar\/34c06fb5a04a2e6a700ec3e6ec95725f?s=96&d=mm&r=g\",\"caption\":\"Adam \u010euri\u010dek\"}}]}<\/script>\n<!-- \/ Yoast SEO plugin. -->","yoast_head_json":{"title":"Nov\u00fd Mac mini s M4 a M4 Pro je tu! Prekvap\u00ed ve\u013ekos\u0165ou, ale aj cenou! - AppleKing Blog","robots":{"index":"index","follow":"follow","max-snippet":"max-snippet:-1","max-image-preview":"max-image-preview:large","max-video-preview":"max-video-preview:-1"},"canonical":"https:\/\/www.appleking.sk\/blog\/novy-mac-mini-s-m4-a-m4-pro-je-tu-prekvapi-velkostou-ale-aj-cenou","og_locale":"cs_CZ","og_type":"article","og_title":"Nov\u00fd Mac mini s M4 a M4 Pro je tu! Prekvap\u00ed ve\u013ekos\u0165ou, ale aj cenou! - AppleKing Blog","og_description":"Spolo\u010dnos\u0165 Apple pokra\u010duje v&nbsp;t\u00fd\u017edni plnom noviniek o&nbsp;po\u010d\u00edta\u010doch Mac a&nbsp;\u010fal\u0161ou novinkou, ktor\u00fa predstavuje, je \u00faplne prepracovan\u00fd stolov\u00fd po\u010d\u00edta\u010d Mac mini. Prin\u00e1\u0161a nov\u00fd kompaktnej\u0161\u00ed dizajn, ale aj Pokra\u010dovat ve \u010dten\u00ed...","og_url":"https:\/\/www.appleking.sk\/blog\/novy-mac-mini-s-m4-a-m4-pro-je-tu-prekvapi-velkostou-ale-aj-cenou","og_site_name":"AppleKing Blog","article_published_time":"2024-10-31T05:28:15+00:00","article_modified_time":"2024-10-30T09:38:23+00:00","og_image":[{"width":1540,"height":850,"url":"https:\/\/www.appleking.cz\/blog\/wp-content\/uploads\/2024\/10\/Apple-Mac-mini-M4-Release-01.jpg","type":"image\/jpeg"}],"author":"Adam \u010euri\u010dek","twitter_card":"summary_large_image","twitter_misc":{"Napsal(a)":"Adam \u010euri\u010dek","Odhadovan\u00e1 doba \u010dten\u00ed":"5 minut"},"schema":{"@context":"https:\/\/schema.org","@graph":[{"@type":"Article","@id":"https:\/\/www.appleking.sk\/blog\/novy-mac-mini-s-m4-a-m4-pro-je-tu-prekvapi-velkostou-ale-aj-cenou#article","isPartOf":{"@id":"https:\/\/www.appleking.sk\/blog\/novy-mac-mini-s-m4-a-m4-pro-je-tu-prekvapi-velkostou-ale-aj-cenou"},"author":{"name":"Adam \u010euri\u010dek","@id":"https:\/\/www.appleking.cz\/blog\/#\/schema\/person\/1f528375f4784286be84aacc0b3b5cb7"},"headline":"Nov\u00fd Mac mini s&nbsp;M4 a&nbsp;M4 Pro je tu! Prekvap\u00ed ve\u013ekos\u0165ou, ale aj cenou!","datePublished":"2024-10-31T05:28:15+00:00","dateModified":"2024-10-30T09:38:23+00:00","mainEntityOfPage":{"@id":"https:\/\/www.appleking.sk\/blog\/novy-mac-mini-s-m4-a-m4-pro-je-tu-prekvapi-velkostou-ale-aj-cenou"},"wordCount":733,"commentCount":0,"publisher":{"@id":"https:\/\/www.appleking.cz\/blog\/#organization"},"inLanguage":"cs","potentialAction":[{"@type":"CommentAction","name":"Comment","target":["https:\/\/www.appleking.sk\/blog\/novy-mac-mini-s-m4-a-m4-pro-je-tu-prekvapi-velkostou-ale-aj-cenou#respond"]}]},{"@type":"WebPage","@id":"https:\/\/www.appleking.sk\/blog\/novy-mac-mini-s-m4-a-m4-pro-je-tu-prekvapi-velkostou-ale-aj-cenou","url":"https:\/\/www.appleking.sk\/blog\/novy-mac-mini-s-m4-a-m4-pro-je-tu-prekvapi-velkostou-ale-aj-cenou","name":"Nov\u00fd Mac mini s M4 a M4 Pro je tu! Prekvap\u00ed ve\u013ekos\u0165ou, ale aj cenou! - AppleKing Blog","isPartOf":{"@id":"https:\/\/www.appleking.cz\/blog\/#website"},"datePublished":"2024-10-31T05:28:15+00:00","dateModified":"2024-10-30T09:38:23+00:00","breadcrumb":{"@id":"https:\/\/www.appleking.sk\/blog\/novy-mac-mini-s-m4-a-m4-pro-je-tu-prekvapi-velkostou-ale-aj-cenou#breadcrumb"},"inLanguage":"cs","potentialAction":[{"@type":"ReadAction","target":["https:\/\/www.appleking.sk\/blog\/novy-mac-mini-s-m4-a-m4-pro-je-tu-prekvapi-velkostou-ale-aj-cenou"]}]},{"@type":"BreadcrumbList","@id":"https:\/\/www.appleking.sk\/blog\/novy-mac-mini-s-m4-a-m4-pro-je-tu-prekvapi-velkostou-ale-aj-cenou#breadcrumb","itemListElement":[{"@type":"ListItem","position":1,"name":"Dom\u016f","item":"https:\/\/www.appleking.cz\/blog"},{"@type":"ListItem","position":2,"name":"Nov\u00fd Mac mini s&nbsp;M4 a&nbsp;M4 Pro je tu! Prekvap\u00ed ve\u013ekos\u0165ou, ale aj cenou!"}]},{"@type":"WebSite","@id":"https:\/\/www.appleking.cz\/blog\/#website","url":"https:\/\/www.appleking.cz\/blog\/","name":"AppleKing Blog","description":"","publisher":{"@id":"https:\/\/www.appleking.cz\/blog\/#organization"},"potentialAction":[{"@type":"SearchAction","target":{"@type":"EntryPoint","urlTemplate":"https:\/\/www.appleking.cz\/blog\/?s={search_term_string}"},"query-input":"required name=search_term_string"}],"inLanguage":"cs"},{"@type":"Organization","@id":"https:\/\/www.appleking.cz\/blog\/#organization","name":"AppleKing Blog","url":"https:\/\/www.appleking.cz\/blog\/","logo":{"@type":"ImageObject","inLanguage":"cs","@id":"https:\/\/www.appleking.cz\/blog\/#\/schema\/logo\/image\/","url":"https:\/\/www.appleking.sk\/blog\/wp-content\/uploads\/2017\/08\/logo.png","contentUrl":"https:\/\/www.appleking.sk\/blog\/wp-content\/uploads\/2017\/08\/logo.png","width":560,"height":148,"caption":"AppleKing Blog"},"image":{"@id":"https:\/\/www.appleking.cz\/blog\/#\/schema\/logo\/image\/"}},{"@type":"Person","@id":"https:\/\/www.appleking.cz\/blog\/#\/schema\/person\/1f528375f4784286be84aacc0b3b5cb7","name":"Adam \u010euri\u010dek","image":{"@type":"ImageObject","inLanguage":"cs","@id":"https:\/\/www.appleking.cz\/blog\/#\/schema\/person\/image\/","url":"https:\/\/secure.gravatar.com\/avatar\/34c06fb5a04a2e6a700ec3e6ec95725f?s=96&d=mm&r=g","contentUrl":"https:\/\/secure.gravatar.com\/avatar\/34c06fb5a04a2e6a700ec3e6ec95725f?s=96&d=mm&r=g","caption":"Adam \u010euri\u010dek"}}]}},"jetpack_featured_media_url":"https:\/\/www.appleking.sk\/blog\/wp-content\/uploads\/2024\/10\/Apple-Mac-mini-M4-Release-01.jpg","jetpack_shortlink":"https:\/\/wp.me\/p8ETbP-5C9","_links":{"self":[{"href":"https:\/\/www.appleking.sk\/blog\/wp-json\/wp\/v2\/posts\/21585"}],"collection":[{"href":"https:\/\/www.appleking.sk\/blog\/wp-json\/wp\/v2\/posts"}],"about":[{"href":"https:\/\/www.appleking.sk\/blog\/wp-json\/wp\/v2\/types\/post"}],"author":[{"embeddable":true,"href":"https:\/\/www.appleking.sk\/blog\/wp-json\/wp\/v2\/users\/21716"}],"replies":[{"embeddable":true,"href":"https:\/\/www.appleking.sk\/blog\/wp-json\/wp\/v2\/comments?post=21585"}],"version-history":[{"count":1,"href":"https:\/\/www.appleking.sk\/blog\/wp-json\/wp\/v2\/posts\/21585\/revisions"}],"predecessor-version":[{"id":21593,"href":"https:\/\/www.appleking.sk\/blog\/wp-json\/wp\/v2\/posts\/21585\/revisions\/21593"}],"wp:featuredmedia":[{"embeddable":true,"href":"https:\/\/www.appleking.sk\/blog\/wp-json\/wp\/v2\/media\/21578"}],"wp:attachment":[{"href":"https:\/\/www.appleking.sk\/blog\/wp-json\/wp\/v2\/media?parent=21585"}],"wp:term":[{"taxonomy":"category","embeddable":true,"href":"https:\/\/www.appleking.sk\/blog\/wp-json\/wp\/v2\/categories?post=21585"},{"taxonomy":"post_tag","embeddable":true,"href":"https:\/\/www.appleking.sk\/blog\/wp-json\/wp\/v2\/tags?post=21585"}],"curies":[{"name":"wp","href":"https:\/\/api.w.org\/{rel}","templated":true}]}}